{"id":1009,"date":"2017-03-17T20:22:42","date_gmt":"2017-03-17T18:22:42","guid":{"rendered":"http:\/\/liipetti.net\/aviisi\/?p=1009"},"modified":"2017-03-17T20:22:42","modified_gmt":"2017-03-17T18:22:42","slug":"hilja-bystromin-paivahilja-bystromdagen-2017","status":"publish","type":"post","link":"http:\/\/liipetti.net\/aviisi\/2017\/03\/17\/hilja-bystromin-paivahilja-bystromdagen-2017\/","title":{"rendered":"Hilja Bystr\u00f6min p\u00e4iv\u00e4\/Hilja Bystr\u00f6mdagen 2017"},"content":{"rendered":"<p><a href=\"http:\/\/liipetti.net\/aviisi\/wp-content\/uploads\/2017\/03\/Hilja-Bystr\u00f6mdagen-2017.jpg\"><img loading=\"lazy\" decoding=\"async\" class=\"alignnone size-medium wp-image-1005\" src=\"http:\/\/liipetti.net\/aviisi\/wp-content\/uploads\/2017\/03\/Hilja-Bystr\u00f6mdagen-2017-211x300.jpg\" alt=\"Hilja Bystr\u00f6mdagen 2017\" width=\"211\" height=\"300\" srcset=\"http:\/\/liipetti.net\/aviisi\/wp-content\/uploads\/2017\/03\/Hilja-Bystr\u00f6mdagen-2017-211x300.jpg 211w, http:\/\/liipetti.net\/aviisi\/wp-content\/uploads\/2017\/03\/Hilja-Bystr\u00f6mdagen-2017-722x1024.jpg 722w, http:\/\/liipetti.net\/aviisi\/wp-content\/uploads\/2017\/03\/Hilja-Bystr\u00f6mdagen-2017.jpg 874w\" sizes=\"auto, (max-width: 211px) 100vw, 211px\" \/><\/a><a href=\"http:\/\/liipetti.net\/aviisi\/wp-content\/uploads\/2017\/03\/Hilja-Bystr\u00f6mdagen-20172.jpg\"><img loading=\"lazy\" decoding=\"async\" class=\"alignnone size-medium wp-image-1007\" src=\"http:\/\/liipetti.net\/aviisi\/wp-content\/uploads\/2017\/03\/Hilja-Bystr\u00f6mdagen-20172-211x300.jpg\" alt=\"Hilja Bystr\u00f6mdagen 20172\" width=\"211\" height=\"300\" srcset=\"http:\/\/liipetti.net\/aviisi\/wp-content\/uploads\/2017\/03\/Hilja-Bystr\u00f6mdagen-20172-211x300.jpg 211w, http:\/\/liipetti.net\/aviisi\/wp-content\/uploads\/2017\/03\/Hilja-Bystr\u00f6mdagen-20172-722x1024.jpg 722w, http:\/\/liipetti.net\/aviisi\/wp-content\/uploads\/2017\/03\/Hilja-Bystr\u00f6mdagen-20172.jpg 874w\" sizes=\"auto, (max-width: 211px) 100vw, 211px\" \/><\/a><a href=\"http:\/\/liipetti.net\/aviisi\/wp-content\/uploads\/2017\/03\/Hilja-Bystr\u00f6mdagen-20173.jpg\"><img loading=\"lazy\" decoding=\"async\" class=\"alignnone size-medium wp-image-1008\" src=\"http:\/\/liipetti.net\/aviisi\/wp-content\/uploads\/2017\/03\/Hilja-Bystr\u00f6mdagen-20173-211x300.jpg\" alt=\"Hilja Bystr\u00f6mdagen 20173\" width=\"211\" height=\"300\" srcset=\"http:\/\/liipetti.net\/aviisi\/wp-content\/uploads\/2017\/03\/Hilja-Bystr\u00f6mdagen-20173-211x300.jpg 211w, http:\/\/liipetti.net\/aviisi\/wp-content\/uploads\/2017\/03\/Hilja-Bystr\u00f6mdagen-20173-722x1024.jpg 722w, http:\/\/liipetti.net\/aviisi\/wp-content\/uploads\/2017\/03\/Hilja-Bystr\u00f6mdagen-20173.jpg 874w\" sizes=\"auto, (max-width: 211px) 100vw, 211px\" \/><\/a><a href=\"http:\/\/liipetti.net\/aviisi\/wp-content\/uploads\/2017\/03\/Hilja-Bystr\u00f6mdagen-20174.jpg\"><img loading=\"lazy\" decoding=\"async\" class=\"alignnone size-medium wp-image-1006\" src=\"http:\/\/liipetti.net\/aviisi\/wp-content\/uploads\/2017\/03\/Hilja-Bystr\u00f6mdagen-20174-211x300.jpg\" alt=\"Hilja Bystr\u00f6mdagen 20174\" width=\"211\" height=\"300\" srcset=\"http:\/\/liipetti.net\/aviisi\/wp-content\/uploads\/2017\/03\/Hilja-Bystr\u00f6mdagen-20174-211x300.jpg 211w, http:\/\/liipetti.net\/aviisi\/wp-content\/uploads\/2017\/03\/Hilja-Bystr\u00f6mdagen-20174-722x1024.jpg 722w, http:\/\/liipetti.net\/aviisi\/wp-content\/uploads\/2017\/03\/Hilja-Bystr\u00f6mdagen-20174.jpg 874w\" sizes=\"auto, (max-width: 211px) 100vw, 211px\" \/><\/a><\/p>\n","protected":false},"excerpt":{"rendered":"","protected":false},"author":4,"featured_media":0,"comment_status":"open","ping_status":"closed","sticky":false,"template":"","format":"standard","meta":{"footnotes":""},"categories":[1],"tags":[],"class_list":["post-1009","post","type-post","status-publish","format-standard","hentry","category-yleinen"],"_links":{"self":[{"href":"http:\/\/liipetti.net\/aviisi\/wp-json\/wp\/v2\/posts\/1009","targetHints":{"allow":["GET"]}}],"collection":[{"href":"http:\/\/liipetti.net\/aviisi\/wp-json\/wp\/v2\/posts"}],"about":[{"href":"http:\/\/liipetti.net\/aviisi\/wp-json\/wp\/v2\/types\/post"}],"author":[{"embeddable":true,"href":"http:\/\/liipetti.net\/aviisi\/wp-json\/wp\/v2\/users\/4"}],"replies":[{"embeddable":true,"href":"http:\/\/liipetti.net\/aviisi\/wp-json\/wp\/v2\/comments?post=1009"}],"version-history":[{"count":1,"href":"http:\/\/liipetti.net\/aviisi\/wp-json\/wp\/v2\/posts\/1009\/revisions"}],"predecessor-version":[{"id":1010,"href":"http:\/\/liipetti.net\/aviisi\/wp-json\/wp\/v2\/posts\/1009\/revisions\/1010"}],"wp:attachment":[{"href":"http:\/\/liipetti.net\/aviisi\/wp-json\/wp\/v2\/media?parent=1009"}],"wp:term":[{"taxonomy":"category","embeddable":true,"href":"http:\/\/liipetti.net\/aviisi\/wp-json\/wp\/v2\/categories?post=1009"},{"taxonomy":"post_tag","embeddable":true,"href":"http:\/\/liipetti.net\/aviisi\/wp-json\/wp\/v2\/tags?post=1009"}],"curies":[{"name":"wp","href":"https:\/\/api.w.org\/{rel}","templated":true}]}}