{"id":1179,"date":"2020-03-08T16:04:27","date_gmt":"2020-03-08T14:04:27","guid":{"rendered":"http:\/\/liipetti.net\/aviisi\/?p=1179"},"modified":"2020-03-08T16:05:20","modified_gmt":"2020-03-08T14:05:20","slug":"koti-ikava-kauasmaassahemlangtan-i-fjarran-land","status":"publish","type":"post","link":"http:\/\/liipetti.net\/aviisi\/2020\/03\/08\/koti-ikava-kauasmaassahemlangtan-i-fjarran-land\/","title":{"rendered":"Koti-ik\u00e4v\u00e4 Kauasmaassa\/Heml\u00e4ngtan i fj\u00e4rran land"},"content":{"rendered":"<p><strong>Kauasmaan koti-ik\u00e4v\u00e4<\/strong><\/p>\n<p>Mie kaipaan t\u00e4\u00e4l\u00e4 lunta,<br \/>\nja j\u00e4itten l\u00e4ht\u00f6\u00e4,<br \/>\nkans kielon kyyneleit\u00e4,<br \/>\nja hillan kukkia.<br \/>\nMie kaipaan rajatuulta,<br \/>\nja pohjasvitti\u00e4,<br \/>\nkans laulujoukahaista,<br \/>\nja haapapuitten t\u00e4rin\u00e4\u00e4.<\/p>\n<p>En tunne maani multaa,<br \/>\nen kaalta pottumaan,<br \/>\nei jalka v\u00e4yl\u00e4n vett\u00e4,<br \/>\nei poski l\u00e4mp\u00f6\u00e4.<br \/>\nEn maista t\u00e4\u00e4l\u00e4 lohta,<br \/>\nen hillaa kypsyv\u00e4\u00e4,<br \/>\nen poronlihhaa kuivaa<br \/>\nen kahvijuuston sitkeytt\u00e4.<\/p>\n<p>Ei tunnu kev\u00e4n tuoksut,<br \/>\nei kes\u00e4n poutas\u00e4\u00e4t,<br \/>\nei rumanlehen aika,<br \/>\nei talven pakkaset.<br \/>\nNyt suru mielt\u00e4 painaa,<br \/>\nnyt kannan kaipua,<br \/>\nmie l\u00e4hin Me\u00e4nmaasta,<br \/>\nnyt tunnen sinne ik\u00e4v\u00e4\u00e4.<\/p>\n<p>16 oktober 2019\/10. helmikuuta 2020<\/p>\n<p><strong>\u00a0<strong>Heml\u00e4ngtan i Fj\u00e4rranland (Fri \u00f6vers)<\/strong><\/strong><\/p>\n<p>Jag saknar sn\u00f6 som faller,<br \/>\noch isens g\u00e5ng och d\u00e5n.<br \/>\nJag saknar strandens aspar<br \/>\nsom alltid darrar d\u00e4r.<br \/>\nJag saknar gr\u00e4nsens vindar,<br \/>\noch bofinkskvitter h\u00e4r,<br \/>\noch svanens vackra s\u00e5nger,<br \/>\noch himlaeldens knastrande.<\/p>\n<p>Jag saknar vallens kl\u00f6ver<br \/>\noch \u00e4ngens timotej,<br \/>\nkonvaljerna som t\u00e5ras<br \/>\nl\u00e4ngs stigarna till \u00e5n,<br \/>\njag saknar myrens tranb\u00e4r<br \/>\noch hjortronblommorna,<br \/>\njag vill se strandens stenar,<br \/>\noch s\u00e4des\u00e4rlans vippande.<\/p>\n<p>Jag saknar sommarns dofter,<br \/>\noch v\u00e5rens varma vind,<br \/>\noch h\u00f6starna som gl\u00f6der,<br \/>\noch vinterns sk\u00f6ra ljus.<br \/>\nH\u00e4r k\u00e4nner jag mig sorgsen,<br \/>\nh\u00e4r \u00e4r jag fr\u00e4mmande,<br \/>\njag l\u00e4ngtar hem till Me\u00e4nmaa<br \/>\nden strand jag en g\u00e5ng l\u00e4mnade.<\/p>\n<p>\u00d6vers.<\/p>\n<p>16.10.2019\/10 februari 2020<\/p>\n<p>Bengt Pohjanen<\/p>\n<p>&nbsp;<\/p>\n<p>&nbsp;<\/p>\n<p>&nbsp;<\/p>\n<p>&nbsp;<\/p>\n<p>&nbsp;<\/p>\n","protected":false},"excerpt":{"rendered":"<p>Kauasmaan koti-ik\u00e4v\u00e4 Mie kaipaan t\u00e4\u00e4l\u00e4 lunta, ja j\u00e4itten l\u00e4ht\u00f6\u00e4, kans kielon kyyneleit\u00e4, ja hillan kukkia. Mie kaipaan rajatuulta, ja pohjasvitti\u00e4, kans laulujoukahaista, ja haapapuitten t\u00e4rin\u00e4\u00e4. En tunne maani multaa, en kaalta pottumaan, ei jalka v\u00e4yl\u00e4n vett\u00e4, ei poski l\u00e4mp\u00f6\u00e4. En &hellip; <a href=\"http:\/\/liipetti.net\/aviisi\/2020\/03\/08\/koti-ikava-kauasmaassahemlangtan-i-fjarran-land\/\">Lue loppuun <span class=\"meta-nav\">&rarr;<\/span><\/a><\/p>\n","protected":false},"author":4,"featured_media":0,"comment_status":"closed","ping_status":"closed","sticky":false,"template":"","format":"standard","meta":{"footnotes":""},"categories":[26],"tags":[],"class_list":["post-1179","post","type-post","status-publish","format-standard","hentry","category-dikterrunoja"],"_links":{"self":[{"href":"http:\/\/liipetti.net\/aviisi\/wp-json\/wp\/v2\/posts\/1179","targetHints":{"allow":["GET"]}}],"collection":[{"href":"http:\/\/liipetti.net\/aviisi\/wp-json\/wp\/v2\/posts"}],"about":[{"href":"http:\/\/liipetti.net\/aviisi\/wp-json\/wp\/v2\/types\/post"}],"author":[{"embeddable":true,"href":"http:\/\/liipetti.net\/aviisi\/wp-json\/wp\/v2\/users\/4"}],"replies":[{"embeddable":true,"href":"http:\/\/liipetti.net\/aviisi\/wp-json\/wp\/v2\/comments?post=1179"}],"version-history":[{"count":2,"href":"http:\/\/liipetti.net\/aviisi\/wp-json\/wp\/v2\/posts\/1179\/revisions"}],"predecessor-version":[{"id":1181,"href":"http:\/\/liipetti.net\/aviisi\/wp-json\/wp\/v2\/posts\/1179\/revisions\/1181"}],"wp:attachment":[{"href":"http:\/\/liipetti.net\/aviisi\/wp-json\/wp\/v2\/media?parent=1179"}],"wp:term":[{"taxonomy":"category","embeddable":true,"href":"http:\/\/liipetti.net\/aviisi\/wp-json\/wp\/v2\/categories?post=1179"},{"taxonomy":"post_tag","embeddable":true,"href":"http:\/\/liipetti.net\/aviisi\/wp-json\/wp\/v2\/tags?post=1179"}],"curies":[{"name":"wp","href":"https:\/\/api.w.org\/{rel}","templated":true}]}}