{"id":391,"date":"2015-08-24T10:06:39","date_gmt":"2015-08-24T07:06:39","guid":{"rendered":"http:\/\/liipetti.net\/aviisi\/?p=391"},"modified":"2015-08-25T10:46:52","modified_gmt":"2015-08-25T07:46:52","slug":"391","status":"publish","type":"post","link":"http:\/\/liipetti.net\/aviisi\/2015\/08\/24\/391\/","title":{"rendered":"Kersin Tuomas Larsson, Sinun rauhalisuus ja Nautin iltap\u00e4iv\u00e4n"},"content":{"rendered":"<p><a href=\"http:\/\/liipetti.net\/aviisi\/wp-content\/uploads\/2015\/08\/Kerstin-Tuomas-Larsson.jpg\"><img loading=\"lazy\" decoding=\"async\" class=\"alignnone size-medium wp-image-393\" src=\"http:\/\/liipetti.net\/aviisi\/wp-content\/uploads\/2015\/08\/Kerstin-Tuomas-Larsson-219x300.jpg\" alt=\"Kerstin Tuomas Larsson\" width=\"219\" height=\"300\" srcset=\"http:\/\/liipetti.net\/aviisi\/wp-content\/uploads\/2015\/08\/Kerstin-Tuomas-Larsson-219x300.jpg 219w, http:\/\/liipetti.net\/aviisi\/wp-content\/uploads\/2015\/08\/Kerstin-Tuomas-Larsson-748x1024.jpg 748w, http:\/\/liipetti.net\/aviisi\/wp-content\/uploads\/2015\/08\/Kerstin-Tuomas-Larsson.jpg 1700w\" sizes=\"auto, (max-width: 219px) 100vw, 219px\" \/><\/a><\/p>\n<p>Kerstin Tuomas Larsson<\/p>\n<p>1.<br \/>\nSinun rauhalisuus<br \/>\noon minun tyhjyys<br \/>\nSinun puhumattomuus<br \/>\noon minun yksin\u00e4isyys<br \/>\nTuuliki<br \/>\nen\u00e4mpi kosketusta antaa<\/p>\n<p><strong>\u00a0<\/strong><\/p>\n<p>2.<br \/>\nNautin iltap\u00e4iv\u00e4n<br \/>\netel\u00e4tuulesta<br \/>\nJonka p\u00e4iv\u00e4n sae oon<br \/>\npuhistanu ja maustettanu<br \/>\ntuomen tuoksula<br \/>\nAjatukset lepp\u00e4\u00e4v\u00e4t<br \/>\nkaikessa rauhassa<br \/>\nTuntheet maalaavat<br \/>\npuhivia kuvia<br \/>\nVaiston hyvv\u00e4\u00e4 kess\u00e4\u00e4<\/p>\n<p>&nbsp;<\/p>\n","protected":false},"excerpt":{"rendered":"<p>Kerstin Tuomas Larsson 1. Sinun rauhalisuus oon minun tyhjyys Sinun puhumattomuus oon minun yksin\u00e4isyys Tuuliki en\u00e4mpi kosketusta antaa \u00a0 2. Nautin iltap\u00e4iv\u00e4n etel\u00e4tuulesta Jonka p\u00e4iv\u00e4n sae oon puhistanu ja maustettanu tuomen tuoksula Ajatukset lepp\u00e4\u00e4v\u00e4t kaikessa rauhassa Tuntheet maalaavat puhivia kuvia &hellip; <a href=\"http:\/\/liipetti.net\/aviisi\/2015\/08\/24\/391\/\">Lue loppuun <span class=\"meta-nav\">&rarr;<\/span><\/a><\/p>\n","protected":false},"author":4,"featured_media":0,"comment_status":"open","ping_status":"closed","sticky":false,"template":"","format":"standard","meta":{"footnotes":""},"categories":[17],"tags":[],"class_list":["post-391","post","type-post","status-publish","format-standard","hentry","category-meankielisia-runoja"],"_links":{"self":[{"href":"http:\/\/liipetti.net\/aviisi\/wp-json\/wp\/v2\/posts\/391","targetHints":{"allow":["GET"]}}],"collection":[{"href":"http:\/\/liipetti.net\/aviisi\/wp-json\/wp\/v2\/posts"}],"about":[{"href":"http:\/\/liipetti.net\/aviisi\/wp-json\/wp\/v2\/types\/post"}],"author":[{"embeddable":true,"href":"http:\/\/liipetti.net\/aviisi\/wp-json\/wp\/v2\/users\/4"}],"replies":[{"embeddable":true,"href":"http:\/\/liipetti.net\/aviisi\/wp-json\/wp\/v2\/comments?post=391"}],"version-history":[{"count":8,"href":"http:\/\/liipetti.net\/aviisi\/wp-json\/wp\/v2\/posts\/391\/revisions"}],"predecessor-version":[{"id":405,"href":"http:\/\/liipetti.net\/aviisi\/wp-json\/wp\/v2\/posts\/391\/revisions\/405"}],"wp:attachment":[{"href":"http:\/\/liipetti.net\/aviisi\/wp-json\/wp\/v2\/media?parent=391"}],"wp:term":[{"taxonomy":"category","embeddable":true,"href":"http:\/\/liipetti.net\/aviisi\/wp-json\/wp\/v2\/categories?post=391"},{"taxonomy":"post_tag","embeddable":true,"href":"http:\/\/liipetti.net\/aviisi\/wp-json\/wp\/v2\/tags?post=391"}],"curies":[{"name":"wp","href":"https:\/\/api.w.org\/{rel}","templated":true}]}}