{"id":413,"date":"2015-08-27T12:13:42","date_gmt":"2015-08-27T09:13:42","guid":{"rendered":"http:\/\/liipetti.net\/aviisi\/?p=413"},"modified":"2015-08-27T12:14:44","modified_gmt":"2015-08-27T09:14:44","slug":"var-unga-fredsambassador","status":"publish","type":"post","link":"http:\/\/liipetti.net\/aviisi\/2015\/08\/27\/var-unga-fredsambassador\/","title":{"rendered":"V\u00e5r unga fredsambassad\u00f6r"},"content":{"rendered":"<p>Emma Peterson (18 \u00e5r) kommer fr\u00e5n Kalix. Hon har svensk-, finsk- och me\u00e4nkielispr\u00e5kiga r\u00f6tter. Hon b\u00f6rjar sista \u00e5ret p\u00e5 highschool. L\u00e4ser ocks\u00e5 ryska och psykologi p\u00e5 Minnesota universitet.\u00a0Hon \u00e4r en av v\u00e5ra unga fredsambassad\u00f6rer som\u00a0i Fj\u00e4rranland f\u00f6renar kulturer, spr\u00e5k, l\u00e4nder och kontinenter. Dessutom har denna hisnande beg\u00e5vade unga Emma \u00f6versatt Lina Stoltz roman\u00a0Imorgon \u00e4r allt som vanligt, Rab\u00e9n &amp; Sj\u00f6gren 2014, till engelska.<\/p>\n<p>I samband med H\u00d6STGL\u00d6D-seminariet\u00a0(18-20.9.2015) uppm\u00e4rksammar vi henne mer. Vi \u00e4r stolta\u00a0\u00f6ver v\u00e5ra unga som finns i flera l\u00e4nder.<\/p>\n<p><a href=\"http:\/\/liipetti.net\/aviisi\/wp-content\/uploads\/2015\/08\/Emma-P.jpg\"><img loading=\"lazy\" decoding=\"async\" class=\"alignnone size-medium wp-image-410\" src=\"http:\/\/liipetti.net\/aviisi\/wp-content\/uploads\/2015\/08\/Emma-P-254x300.jpg\" alt=\"Emma P\" width=\"254\" height=\"300\" srcset=\"http:\/\/liipetti.net\/aviisi\/wp-content\/uploads\/2015\/08\/Emma-P-254x300.jpg 254w, http:\/\/liipetti.net\/aviisi\/wp-content\/uploads\/2015\/08\/Emma-P-866x1024.jpg 866w, http:\/\/liipetti.net\/aviisi\/wp-content\/uploads\/2015\/08\/Emma-P.jpg 1085w\" sizes=\"auto, (max-width: 254px) 100vw, 254px\" \/><\/a><\/p>\n","protected":false},"excerpt":{"rendered":"<p>Emma Peterson (18 \u00e5r) kommer fr\u00e5n Kalix. Hon har svensk-, finsk- och me\u00e4nkielispr\u00e5kiga r\u00f6tter. Hon b\u00f6rjar sista \u00e5ret p\u00e5 highschool. L\u00e4ser ocks\u00e5 ryska och psykologi p\u00e5 Minnesota universitet.\u00a0Hon \u00e4r en av v\u00e5ra unga fredsambassad\u00f6rer som\u00a0i Fj\u00e4rranland f\u00f6renar kulturer, spr\u00e5k, l\u00e4nder &hellip; <a href=\"http:\/\/liipetti.net\/aviisi\/2015\/08\/27\/var-unga-fredsambassador\/\">Lue loppuun <span class=\"meta-nav\">&rarr;<\/span><\/a><\/p>\n","protected":false},"author":4,"featured_media":0,"comment_status":"open","ping_status":"closed","sticky":false,"template":"","format":"standard","meta":{"footnotes":""},"categories":[1],"tags":[],"class_list":["post-413","post","type-post","status-publish","format-standard","hentry","category-yleinen"],"_links":{"self":[{"href":"http:\/\/liipetti.net\/aviisi\/wp-json\/wp\/v2\/posts\/413","targetHints":{"allow":["GET"]}}],"collection":[{"href":"http:\/\/liipetti.net\/aviisi\/wp-json\/wp\/v2\/posts"}],"about":[{"href":"http:\/\/liipetti.net\/aviisi\/wp-json\/wp\/v2\/types\/post"}],"author":[{"embeddable":true,"href":"http:\/\/liipetti.net\/aviisi\/wp-json\/wp\/v2\/users\/4"}],"replies":[{"embeddable":true,"href":"http:\/\/liipetti.net\/aviisi\/wp-json\/wp\/v2\/comments?post=413"}],"version-history":[{"count":2,"href":"http:\/\/liipetti.net\/aviisi\/wp-json\/wp\/v2\/posts\/413\/revisions"}],"predecessor-version":[{"id":415,"href":"http:\/\/liipetti.net\/aviisi\/wp-json\/wp\/v2\/posts\/413\/revisions\/415"}],"wp:attachment":[{"href":"http:\/\/liipetti.net\/aviisi\/wp-json\/wp\/v2\/media?parent=413"}],"wp:term":[{"taxonomy":"category","embeddable":true,"href":"http:\/\/liipetti.net\/aviisi\/wp-json\/wp\/v2\/categories?post=413"},{"taxonomy":"post_tag","embeddable":true,"href":"http:\/\/liipetti.net\/aviisi\/wp-json\/wp\/v2\/tags?post=413"}],"curies":[{"name":"wp","href":"https:\/\/api.w.org\/{rel}","templated":true}]}}