{"id":462,"date":"2024-07-26T13:21:52","date_gmt":"2024-07-26T13:21:52","guid":{"rendered":"https:\/\/liipetti.net\/retkia\/?p=462"},"modified":"2024-08-26T18:01:16","modified_gmt":"2024-08-26T18:01:16","slug":"epavakaita-nakymia","status":"publish","type":"post","link":"https:\/\/liipetti.net\/retkia\/epavakaita-nakymia\/","title":{"rendered":"Ep\u00e4vakaita n\u00e4kymi\u00e4"},"content":{"rendered":"\n<p><strong>Ep\u00e4vakaita n\u00e4kymi\u00e4<\/strong><\/p>\n\n\n\n<p>Galleria Uusi Kipin\u00e4, Kenno, 18.9.-6.10.2024<br><\/p>\n\n\n\n<figure class=\"wp-block-image size-full is-resized\"><img loading=\"lazy\" decoding=\"async\" src=\"https:\/\/liipetti.net\/retkia\/wp-content\/uploads\/2024\/08\/hannu_juliste_guk_kenno_240824.png\" alt=\"\" class=\"wp-image-538\" width=\"422\" height=\"597\" srcset=\"https:\/\/liipetti.net\/retkia\/wp-content\/uploads\/2024\/08\/hannu_juliste_guk_kenno_240824.png 595w, https:\/\/liipetti.net\/retkia\/wp-content\/uploads\/2024\/08\/hannu_juliste_guk_kenno_240824-212x300.png 212w, https:\/\/liipetti.net\/retkia\/wp-content\/uploads\/2024\/08\/hannu_juliste_guk_kenno_240824-106x150.png 106w\" sizes=\"auto, (max-width: 422px) 100vw, 422px\" \/><\/figure>\n\n\n\n<p><strong>N\u00e4yttelyn teoksista<\/strong><br><br>Kuva n\u00e4yt\u00f6ll\u00e4 tuntuu taidegrafiikalta, mutta se el\u00e4\u00e4 ja muuttuu hitaasti. Kaupunkin\u00e4kym\u00e4t, tutut ja vieraat, sekoittuvat oudosti kesken\u00e4\u00e4n, muiden maisemien ja abstraktienkin elementtien kanssa.&nbsp; Muutoksessa on jotakin unenomaista. Katsot maisemaa ja yht\u00e4kki\u00e4 ollaankin jossain toisaalla. Mutta hetkinen, t\u00e4ss\u00e4 on my\u00f6s nuppi josta voit palata takaisin \u00e4skeiseen, tai hyp\u00e4t\u00e4 jonnekin muualle.&nbsp;<\/p>\n\n\n\n<figure class=\"wp-block-image size-large\"><img loading=\"lazy\" decoding=\"async\" width=\"1024\" height=\"683\" src=\"https:\/\/liipetti.net\/retkia\/wp-content\/uploads\/2024\/08\/DSC09060-1024x683.jpg\" alt=\"\" class=\"wp-image-512\" srcset=\"https:\/\/liipetti.net\/retkia\/wp-content\/uploads\/2024\/08\/DSC09060-1024x683.jpg 1024w, https:\/\/liipetti.net\/retkia\/wp-content\/uploads\/2024\/08\/DSC09060-300x200.jpg 300w, https:\/\/liipetti.net\/retkia\/wp-content\/uploads\/2024\/08\/DSC09060-768x512.jpg 768w, https:\/\/liipetti.net\/retkia\/wp-content\/uploads\/2024\/08\/DSC09060-1536x1024.jpg 1536w, https:\/\/liipetti.net\/retkia\/wp-content\/uploads\/2024\/08\/DSC09060-2048x1365.jpg 2048w, https:\/\/liipetti.net\/retkia\/wp-content\/uploads\/2024\/08\/DSC09060-225x150.jpg 225w, https:\/\/liipetti.net\/retkia\/wp-content\/uploads\/2024\/08\/DSC09060-150x100.jpg 150w\" sizes=\"auto, (max-width: 1024px) 100vw, 1024px\" \/><\/figure>\n\n\n\n<figure class=\"wp-block-embed is-type-video is-provider-vimeo wp-block-embed-vimeo wp-embed-aspect-1-1 wp-has-aspect-ratio\"><div class=\"wp-block-embed__wrapper\">\n<iframe loading=\"lazy\" title=\"Unstable views 2, a short excerpt\" src=\"https:\/\/player.vimeo.com\/video\/1002697302?h=bc18b8060f&amp;dnt=1&amp;app_id=122963\" width=\"720\" height=\"720\" frameborder=\"0\" allow=\"autoplay; fullscreen; picture-in-picture; clipboard-write\"><\/iframe>\n<\/div><figcaption>Katkelma generatiivisesta teoksesta Ep\u00e4vakaita n\u00e4kymi\u00e4 2.<\/figcaption><\/figure>\n\n\n\n<p>Toisella n\u00e4yt\u00f6ll\u00e4 taiteilijan omakuva hakee muotoaan, siin\u00e4kin eri asennot, ilmeet ja kuvakulmat sekoittuvat. V\u00e4lill\u00e4 kuva on pelkk\u00e4 l\u00e4isk\u00e4, josta v\u00e4hitellen kehittyy tunnistettavat, ilmehtiv\u00e4t kasvot.<\/p>\n\n\n\n<figure class=\"wp-block-embed is-type-video is-provider-vimeo wp-block-embed-vimeo wp-embed-aspect-1-1 wp-has-aspect-ratio\"><div class=\"wp-block-embed__wrapper\">\n<iframe loading=\"lazy\" title=\"cself2023clip-kipina\" src=\"https:\/\/player.vimeo.com\/video\/990564370?h=36b7d14db8&amp;dnt=1&amp;app_id=122963\" width=\"720\" height=\"720\" frameborder=\"0\" allow=\"autoplay; fullscreen; picture-in-picture; clipboard-write\"><\/iframe>\n<\/div><figcaption>Katkelma teoksesta Omakuva hakee muotoaan, 2023.<\/figcaption><\/figure>\n\n\n\n<p>     <\/p>\n\n\n\n<hr class=\"wp-block-separator\"\/>\n\n\n\n<figure class=\"wp-block-gallery columns-3 is-cropped wp-block-gallery-1 is-layout-flex wp-block-gallery-is-layout-flex\"><ul class=\"blocks-gallery-grid\"><li class=\"blocks-gallery-item\"><figure><img loading=\"lazy\" decoding=\"async\" width=\"1024\" height=\"1024\" src=\"https:\/\/liipetti.net\/retkia\/wp-content\/uploads\/2024\/07\/t18a-56618ed-hq-scale-4_00x_that_open_road-1024x1024.png\" alt=\"\" data-id=\"465\" class=\"wp-image-465\" srcset=\"https:\/\/liipetti.net\/retkia\/wp-content\/uploads\/2024\/07\/t18a-56618ed-hq-scale-4_00x_that_open_road-1024x1024.png 1024w, https:\/\/liipetti.net\/retkia\/wp-content\/uploads\/2024\/07\/t18a-56618ed-hq-scale-4_00x_that_open_road-300x300.png 300w, https:\/\/liipetti.net\/retkia\/wp-content\/uploads\/2024\/07\/t18a-56618ed-hq-scale-4_00x_that_open_road-150x150.png 150w, https:\/\/liipetti.net\/retkia\/wp-content\/uploads\/2024\/07\/t18a-56618ed-hq-scale-4_00x_that_open_road-768x768.png 768w, https:\/\/liipetti.net\/retkia\/wp-content\/uploads\/2024\/07\/t18a-56618ed-hq-scale-4_00x_that_open_road-1536x1536.png 1536w, https:\/\/liipetti.net\/retkia\/wp-content\/uploads\/2024\/07\/t18a-56618ed-hq-scale-4_00x_that_open_road-2048x2048.png 2048w\" sizes=\"auto, (max-width: 1024px) 100vw, 1024px\" \/><figcaption class=\"blocks-gallery-item__caption\">that open road, 2024<\/figcaption><\/figure><\/li><li class=\"blocks-gallery-item\"><figure><img loading=\"lazy\" decoding=\"async\" width=\"1024\" height=\"1024\" src=\"https:\/\/liipetti.net\/retkia\/wp-content\/uploads\/2024\/07\/p05-14049-hq-scale-4_00x-1024x1024.jpg\" alt=\"\" data-id=\"466\" class=\"wp-image-466\" srcset=\"https:\/\/liipetti.net\/retkia\/wp-content\/uploads\/2024\/07\/p05-14049-hq-scale-4_00x-1024x1024.jpg 1024w, https:\/\/liipetti.net\/retkia\/wp-content\/uploads\/2024\/07\/p05-14049-hq-scale-4_00x-300x300.jpg 300w, https:\/\/liipetti.net\/retkia\/wp-content\/uploads\/2024\/07\/p05-14049-hq-scale-4_00x-150x150.jpg 150w, https:\/\/liipetti.net\/retkia\/wp-content\/uploads\/2024\/07\/p05-14049-hq-scale-4_00x-768x768.jpg 768w, https:\/\/liipetti.net\/retkia\/wp-content\/uploads\/2024\/07\/p05-14049-hq-scale-4_00x-1536x1536.jpg 1536w, https:\/\/liipetti.net\/retkia\/wp-content\/uploads\/2024\/07\/p05-14049-hq-scale-4_00x-2048x2048.jpg 2048w\" sizes=\"auto, (max-width: 1024px) 100vw, 1024px\" \/><figcaption class=\"blocks-gallery-item__caption\">Kive\u00e4 ja lasia, 2024<\/figcaption><\/figure><\/li><li class=\"blocks-gallery-item\"><figure><img loading=\"lazy\" decoding=\"async\" width=\"1024\" height=\"1024\" src=\"https:\/\/liipetti.net\/retkia\/wp-content\/uploads\/2024\/07\/odbl-83186-hq-scale-4_00x_pressure-1024x1024.jpg\" alt=\"\" data-id=\"467\" class=\"wp-image-467\" srcset=\"https:\/\/liipetti.net\/retkia\/wp-content\/uploads\/2024\/07\/odbl-83186-hq-scale-4_00x_pressure-1024x1024.jpg 1024w, https:\/\/liipetti.net\/retkia\/wp-content\/uploads\/2024\/07\/odbl-83186-hq-scale-4_00x_pressure-300x300.jpg 300w, https:\/\/liipetti.net\/retkia\/wp-content\/uploads\/2024\/07\/odbl-83186-hq-scale-4_00x_pressure-150x150.jpg 150w, https:\/\/liipetti.net\/retkia\/wp-content\/uploads\/2024\/07\/odbl-83186-hq-scale-4_00x_pressure-768x768.jpg 768w, https:\/\/liipetti.net\/retkia\/wp-content\/uploads\/2024\/07\/odbl-83186-hq-scale-4_00x_pressure-1536x1536.jpg 1536w, https:\/\/liipetti.net\/retkia\/wp-content\/uploads\/2024\/07\/odbl-83186-hq-scale-4_00x_pressure-2048x2048.jpg 2048w\" sizes=\"auto, (max-width: 1024px) 100vw, 1024px\" \/><figcaption class=\"blocks-gallery-item__caption\">Paineessa, 2023<\/figcaption><\/figure><\/li><\/ul><\/figure>\n\n\n\n<p>Sein\u00e4ll\u00e4 on vedoksia, jotka p\u00e4\u00e4osin ovat syntyneet samasta prosessista, nekin puoliksi abstraktia, unen maailmaa.<\/p>\n\n\n\n<p>Lahden n\u00e4kym\u00e4t ovat mukana kuvissa. Lahti on synnyinkaupunkini josta muutin pois viisivuotiaana. Kuusikymmenluvun alun&nbsp; Lahdesta on j\u00e4\u00e4nyt mieleeni joukko unenomaisia muistikuvia. T\u00e4t\u00e4 n\u00e4yttely\u00e4 varten kiersin kameran kanssa tutuilla paikoilla saadakseni niit\u00e4 mukaan ep\u00e4vakaiden n\u00e4kymieni unimaailmaan.<\/p>\n\n\n\n<p><br>El\u00e4m\u00e4ss\u00e4ni olen tehnyt monenlaista, tietotekniikasta historiantutkimukseen. Taiteilijaksi l\u00e4hdin kootakseni yhteen el\u00e4m\u00e4ni eri langat. Taiteellinen ty\u00f6ni l\u00e4htee valokuvista, joista syntyy itse kehittelemieni prosessien avulla jonkinlaisia omia kuvamaailmoja. Kuvaa muuntavat ty\u00f6kaluni teen p\u00e4\u00e4osin itse koodaamalla ohjelmia yhdistellen kuvank\u00e4sittely\u00e4 ja teko\u00e4ly\u00e4. Teko\u00e4lyn k\u00e4yt\u00f6ss\u00e4 minulle on oleellista oman materiaalin k\u00e4sittely ja ty\u00f6st\u00e4minen omien ideoiden pohjalta; valmiit tyhj\u00e4st\u00e4 kuvaa tekev\u00e4t automaatit eiv\u00e4t kiinnosta. &nbsp;<\/p>\n\n\n\n<p><\/p>\n\n\n\n<p><strong>Miksi maisemat ovat ep\u00e4vakaita<\/strong>?<\/p>\n\n\n\n<p>Olen ty\u00f6skennellyt sekoavien maisemien kanssa jo muutaman vuoden. Ilmaisu ja tekniikka ovat kehittyneet rinnakkain, v\u00e4hitellen. Hitaasti muuttuvan kuvan koen omakseni, samaten jotenkin taidegrafiikan oloisen ulkoasun. Aineistona minulla on omat valokuvani; moniin niist\u00e4 liittyy my\u00f6s henkil\u00f6kohtaisia muistoja. Sitten olen kuvannut lis\u00e4\u00e4, my\u00f6s mustavalkofilmille. Aineistossa on mukana my\u00f6s vanhempieni ottamia valokuvia. <br><br>Kuvataiteilijana koin jo heti alussa, ett\u00e4 haluan k\u00e4sitell\u00e4 <em>ihmisen kokemusta muutoksen ja pys\u00e4hdyksen verkossa, ep\u00e4varman tulevaisuuden edess\u00e4, toivoen ja huolta kantaen, koettaen ymm\u00e4rt\u00e4\u00e4 kaikesta edes jotain<\/em>. En kuitenkaan alkujaan kehitellyt <em>Ep\u00e4vakaita n\u00e4kymi\u00e4<\/em> t\u00e4m\u00e4 mieless\u00e4ni. Tekniikka ja ilmaisu kehittyiv\u00e4t jotensakin intuitiivisesti kohti jatkuvasti muuttuvaa ep\u00e4stabiilin maailman kuvausta. <\/p>\n\n\n\n<p>Alusta asti minulla on my\u00f6s ollut pyrkimys kohti pelkistetty\u00e4 kuvaa, jonnekin esitt\u00e4v\u00e4n ja abstraktin v\u00e4limaille. Niinp\u00e4 <em>Ep\u00e4vakaat n\u00e4kym\u00e4t <\/em>nykymuodossaan k\u00e4sitt\u00e4\u00e4 my\u00f6s pelkistetty\u00e4 maisemaa, joka ei ole t\u00e4ysin abstraktia vaan samasta valokuva-aineistosta johdettua. N\u00e4in kuvavirrassa toisiinsa kietoutuvat sek\u00e4 todelliset ett\u00e4 pelkistetyt maisemat, yhdistyen toisiinsa ja alati muuttuen. N\u00e4kym\u00e4 ole vain ep\u00e4vakaa vaan samalla liikkuu esitt\u00e4v\u00e4n ja pelkistetyn v\u00e4lill\u00e4.<\/p>\n\n\n\n<p><\/p>\n\n\n\n<p><strong>Varhaisten unieni Lahti<\/strong><\/p>\n\n\n\n<p>Synnyin Lahdessa. Kolme ensimm\u00e4ist\u00e4 vuotta asuttiin Tapanilassa, sitten pari vuotta Rautatienkadun ja Kirkkokadun kulmassa korkeassa talossa jonka katolla luki Fazer. Rautatienkatua kuljettiin is\u00e4n kanssa rautatieasemalle tiistai-iltaisin ostamaan Aku Ankka, lehtikioski oli aseman sis\u00e4ll\u00e4 kaupunginpuolisten ulko-ovien v\u00e4liss\u00e4. Vanha puukirkko oli ihan kodin vieress\u00e4, yhdess\u00e4 muistikuvassa istun ulkona kirkon oven vieress\u00e4 penkill\u00e4 sarjakuvaa lukemassa. Opin lukemaan alle nelivuotiaana, olin jonkin aikaa ilmeinen riesa vanhemmilleni pys\u00e4htyess\u00e4ni kaupungilla joka kyltti\u00e4 tavaamaan. Muistan my\u00f6s sen hetken kun tajusin osaavani lukea. Otin lehden tuosta hyllyst\u00e4 radion alapuolelta ja tajusin mit\u00e4 siin\u00e4 lukee, vaikken ymm\u00e4rt\u00e4nyt teksti\u00e4, se kun oli saksaa.<\/p>\n\n\n\n<figure class=\"wp-block-gallery columns-2 is-cropped wp-block-gallery-2 is-layout-flex wp-block-gallery-is-layout-flex\"><ul class=\"blocks-gallery-grid\"><li class=\"blocks-gallery-item\"><figure><img loading=\"lazy\" decoding=\"async\" width=\"768\" height=\"768\" src=\"https:\/\/liipetti.net\/retkia\/wp-content\/uploads\/2024\/07\/image-1163viimlahti-1.png\" alt=\"\" data-id=\"477\" data-link=\"https:\/\/liipetti.net\/retkia\/epavakaita-nakymia\/image-1163viimlahti-1\/\" class=\"wp-image-477\" srcset=\"https:\/\/liipetti.net\/retkia\/wp-content\/uploads\/2024\/07\/image-1163viimlahti-1.png 768w, https:\/\/liipetti.net\/retkia\/wp-content\/uploads\/2024\/07\/image-1163viimlahti-1-300x300.png 300w, https:\/\/liipetti.net\/retkia\/wp-content\/uploads\/2024\/07\/image-1163viimlahti-1-150x150.png 150w\" sizes=\"auto, (max-width: 768px) 100vw, 768px\" \/><figcaption class=\"blocks-gallery-item__caption\">Viimeist\u00e4 p\u00e4iv\u00e4\u00e4, 2023<\/figcaption><\/figure><\/li><li class=\"blocks-gallery-item\"><figure><img loading=\"lazy\" decoding=\"async\" width=\"1024\" height=\"991\" src=\"https:\/\/liipetti.net\/retkia\/wp-content\/uploads\/2024\/07\/lahti62-2edR2-1024x991.png\" alt=\"\" data-id=\"478\" data-full-url=\"https:\/\/liipetti.net\/retkia\/wp-content\/uploads\/2024\/07\/lahti62-2edR2.png\" data-link=\"https:\/\/liipetti.net\/retkia\/epavakaita-nakymia\/lahti62-2edr2\/\" class=\"wp-image-478\" srcset=\"https:\/\/liipetti.net\/retkia\/wp-content\/uploads\/2024\/07\/lahti62-2edR2-1024x991.png 1024w, https:\/\/liipetti.net\/retkia\/wp-content\/uploads\/2024\/07\/lahti62-2edR2-300x290.png 300w, https:\/\/liipetti.net\/retkia\/wp-content\/uploads\/2024\/07\/lahti62-2edR2-768x743.png 768w, https:\/\/liipetti.net\/retkia\/wp-content\/uploads\/2024\/07\/lahti62-2edR2-1536x1486.png 1536w, https:\/\/liipetti.net\/retkia\/wp-content\/uploads\/2024\/07\/lahti62-2edR2-2048x1981.png 2048w, https:\/\/liipetti.net\/retkia\/wp-content\/uploads\/2024\/07\/lahti62-2edR2-155x150.png 155w, https:\/\/liipetti.net\/retkia\/wp-content\/uploads\/2024\/07\/lahti62-2edR2-150x145.png 150w\" sizes=\"auto, (max-width: 1024px) 100vw, 1024px\" \/><figcaption class=\"blocks-gallery-item__caption\">N\u00e4kym\u00e4 kotoamme 1962, kuvannut Kalervo T\u00f6yryl\u00e4<\/figcaption><\/figure><\/li><\/ul><\/figure>\n\n\n\n<p>Pihalla oli keinut, talossa oli kavereita, paras kaveri oli samanik\u00e4inen tytt\u00f6. Sellainenkin muistikuva on ett\u00e4 jonkun isomman pojan kyydiss\u00e4 olisin laskenut potkukelkalla Kirkkokadun jalkak\u00e4yt\u00e4v\u00e4\u00e4 alas Vesij\u00e4rvenkadulle p\u00e4in. Sain syntym\u00e4p\u00e4iv\u00e4lahjaksi kolmipy\u00f6r\u00e4isen polkupy\u00f6r\u00e4n, kauan en ehtinyt sill\u00e4 ajaa kun se hajosi. Lelukauppa taisi olla heti Rautatienkadun toisella puolella m\u00e4en alla. Ihan vastap\u00e4inen talo purettiin ja rakennettiin siihen uusi. Siell\u00e4kin k\u00e4vin tekem\u00e4ss\u00e4 tuttavuutta ty\u00f6miesten kanssa ja sain heilt\u00e4 jonkin puisen koristeen, mutta kotona ei t\u00e4st\u00e4 tyk\u00e4tty.  <\/p>\n\n\n\n<figure class=\"wp-block-gallery columns-2 is-cropped wp-block-gallery-3 is-layout-flex wp-block-gallery-is-layout-flex\"><ul class=\"blocks-gallery-grid\"><li class=\"blocks-gallery-item\"><figure><img loading=\"lazy\" decoding=\"async\" width=\"1012\" height=\"1024\" src=\"https:\/\/liipetti.net\/retkia\/wp-content\/uploads\/2024\/08\/IMG_6586_mina_ja-_aiti-1012x1024.png\" alt=\"\" data-id=\"533\" data-full-url=\"https:\/\/liipetti.net\/retkia\/wp-content\/uploads\/2024\/08\/IMG_6586_mina_ja-_aiti.png\" data-link=\"https:\/\/liipetti.net\/retkia\/?attachment_id=533\" class=\"wp-image-533\" srcset=\"https:\/\/liipetti.net\/retkia\/wp-content\/uploads\/2024\/08\/IMG_6586_mina_ja-_aiti-1012x1024.png 1012w, https:\/\/liipetti.net\/retkia\/wp-content\/uploads\/2024\/08\/IMG_6586_mina_ja-_aiti-296x300.png 296w, https:\/\/liipetti.net\/retkia\/wp-content\/uploads\/2024\/08\/IMG_6586_mina_ja-_aiti-768x777.png 768w, https:\/\/liipetti.net\/retkia\/wp-content\/uploads\/2024\/08\/IMG_6586_mina_ja-_aiti-1517x1536.png 1517w, https:\/\/liipetti.net\/retkia\/wp-content\/uploads\/2024\/08\/IMG_6586_mina_ja-_aiti-2023x2048.png 2023w, https:\/\/liipetti.net\/retkia\/wp-content\/uploads\/2024\/08\/IMG_6586_mina_ja-_aiti-148x150.png 148w\" sizes=\"auto, (max-width: 1012px) 100vw, 1012px\" \/><\/figure><\/li><li class=\"blocks-gallery-item\"><figure><img loading=\"lazy\" decoding=\"async\" width=\"1024\" height=\"992\" src=\"https:\/\/liipetti.net\/retkia\/wp-content\/uploads\/2024\/08\/IMG_6601_kotitalo62-1024x992.png\" alt=\"\" data-id=\"534\" data-full-url=\"https:\/\/liipetti.net\/retkia\/wp-content\/uploads\/2024\/08\/IMG_6601_kotitalo62.png\" data-link=\"https:\/\/liipetti.net\/retkia\/?attachment_id=534\" class=\"wp-image-534\" srcset=\"https:\/\/liipetti.net\/retkia\/wp-content\/uploads\/2024\/08\/IMG_6601_kotitalo62-1024x992.png 1024w, https:\/\/liipetti.net\/retkia\/wp-content\/uploads\/2024\/08\/IMG_6601_kotitalo62-300x291.png 300w, https:\/\/liipetti.net\/retkia\/wp-content\/uploads\/2024\/08\/IMG_6601_kotitalo62-768x744.png 768w, https:\/\/liipetti.net\/retkia\/wp-content\/uploads\/2024\/08\/IMG_6601_kotitalo62-1536x1487.png 1536w, https:\/\/liipetti.net\/retkia\/wp-content\/uploads\/2024\/08\/IMG_6601_kotitalo62-2048x1983.png 2048w, https:\/\/liipetti.net\/retkia\/wp-content\/uploads\/2024\/08\/IMG_6601_kotitalo62-155x150.png 155w, https:\/\/liipetti.net\/retkia\/wp-content\/uploads\/2024\/08\/IMG_6601_kotitalo62-150x145.png 150w\" sizes=\"auto, (max-width: 1024px) 100vw, 1024px\" \/><\/figure><\/li><\/ul><\/figure>\n\n\n\n<p>Joku mies talossa alkoi pit\u00e4\u00e4 pyh\u00e4koulua kotonaan. Totta kai kaikki lapset meniv\u00e4t, kun jotain tapahtui. Istuimme sohvalla kuuntelemassa helvetin kauhuista. Sanoin kaverille j\u00e4lkik\u00e4teen etten usko tuohon. Jotenkin se p\u00e4\u00e4tyi tuon miehen korviin, muistan kuinka seisoin pihalla, mies tuli kohti ja sanoi &#8221;sinun k\u00e4y huonosti kun Jeesus tulee&#8221;. Kuvittelin kuinka se tulee Kirkkokatua yl\u00f6s ja k\u00e4\u00e4ntyy meid\u00e4n pihaan. Olinkin sitten  tyytyv\u00e4inen kun muutimme pois Lahdesta.<br><br>Pikkuveli syntyi kun olin nelj\u00e4n, kastettiin siin\u00e4 puukirkossa ihan kodin vieress\u00e4. Jossain vaiheessa minut laitettiin lastentarhaan, Hollolankadulle. Is\u00e4 oli Etel\u00e4-Suomen Sanomissa toimittajana, \u00e4iti kotona. Jo Tapanilan aikaan meille hankittiin koira, airedale joka j\u00e4i auton alle jo pienen\u00e4, siit\u00e4 tapauksesta \u00e4itini on kirjoittanut hellytt\u00e4v\u00e4n kuvauksen. Is\u00e4 halusi kouluttaa palveluskoiran ja niinp\u00e4 meille hankittiinkin suursnautseri. H\u00e4m\u00e4r\u00e4 mielikuva on koirankoulutuspaikasta, kent\u00e4st\u00e4 jossain harjun p\u00e4\u00e4ll\u00e4. Samaten mets\u00e4n l\u00e4pi kulkemisesta, ehk\u00e4 jo Tapanilan ajalta.<br><\/p>\n\n\n\n<figure class=\"wp-block-gallery columns-2 is-cropped wp-block-gallery-4 is-layout-flex wp-block-gallery-is-layout-flex\"><ul class=\"blocks-gallery-grid\"><li class=\"blocks-gallery-item\"><figure><img loading=\"lazy\" decoding=\"async\" width=\"652\" height=\"1024\" src=\"https:\/\/liipetti.net\/retkia\/wp-content\/uploads\/2024\/08\/IMG_6582_mina_isan_tyopaikalla-3-652x1024.png\" alt=\"\" data-id=\"531\" data-full-url=\"https:\/\/liipetti.net\/retkia\/wp-content\/uploads\/2024\/08\/IMG_6582_mina_isan_tyopaikalla-3.png\" data-link=\"https:\/\/liipetti.net\/retkia\/?attachment_id=531\" class=\"wp-image-531\" srcset=\"https:\/\/liipetti.net\/retkia\/wp-content\/uploads\/2024\/08\/IMG_6582_mina_isan_tyopaikalla-3-652x1024.png 652w, https:\/\/liipetti.net\/retkia\/wp-content\/uploads\/2024\/08\/IMG_6582_mina_isan_tyopaikalla-3-191x300.png 191w, https:\/\/liipetti.net\/retkia\/wp-content\/uploads\/2024\/08\/IMG_6582_mina_isan_tyopaikalla-3-768x1206.png 768w, https:\/\/liipetti.net\/retkia\/wp-content\/uploads\/2024\/08\/IMG_6582_mina_isan_tyopaikalla-3-978x1536.png 978w, https:\/\/liipetti.net\/retkia\/wp-content\/uploads\/2024\/08\/IMG_6582_mina_isan_tyopaikalla-3-1304x2048.png 1304w, https:\/\/liipetti.net\/retkia\/wp-content\/uploads\/2024\/08\/IMG_6582_mina_isan_tyopaikalla-3-96x150.png 96w\" sizes=\"auto, (max-width: 652px) 100vw, 652px\" \/><\/figure><\/li><li class=\"blocks-gallery-item\"><figure><img loading=\"lazy\" decoding=\"async\" width=\"833\" height=\"1024\" src=\"https:\/\/liipetti.net\/retkia\/wp-content\/uploads\/2024\/08\/IMG_6588_isa_ess-1-833x1024.png\" alt=\"\" data-id=\"532\" data-full-url=\"https:\/\/liipetti.net\/retkia\/wp-content\/uploads\/2024\/08\/IMG_6588_isa_ess-1.png\" data-link=\"https:\/\/liipetti.net\/retkia\/?attachment_id=532\" class=\"wp-image-532\" srcset=\"https:\/\/liipetti.net\/retkia\/wp-content\/uploads\/2024\/08\/IMG_6588_isa_ess-1-833x1024.png 833w, https:\/\/liipetti.net\/retkia\/wp-content\/uploads\/2024\/08\/IMG_6588_isa_ess-1-244x300.png 244w, https:\/\/liipetti.net\/retkia\/wp-content\/uploads\/2024\/08\/IMG_6588_isa_ess-1-768x944.png 768w, https:\/\/liipetti.net\/retkia\/wp-content\/uploads\/2024\/08\/IMG_6588_isa_ess-1-1249x1536.png 1249w, https:\/\/liipetti.net\/retkia\/wp-content\/uploads\/2024\/08\/IMG_6588_isa_ess-1-1665x2048.png 1665w, https:\/\/liipetti.net\/retkia\/wp-content\/uploads\/2024\/08\/IMG_6588_isa_ess-1-122x150.png 122w\" sizes=\"auto, (max-width: 833px) 100vw, 833px\" \/><\/figure><\/li><\/ul><\/figure>\n\n\n\n<p><br>Ennen Lahdesta muuttoa is\u00e4 k\u00e4vi autokoulun, muistan kuinka kerran k\u00e4rtin p\u00e4\u00e4st\u00e4 mukaan autokoulun autoon. Unenomainen mielikuva kuinka ajettiin Oikokatua alas ja jonnekin sinne tunti p\u00e4\u00e4ttyi. Minulle oli my\u00f6s avattu tili postis\u00e4\u00e4st\u00f6pankkiin, muistan kuinka ennen muuttoa huolehdin pankissa ett\u00e4 muistavathan he siirt\u00e4\u00e4 rahani Riihim\u00e4elle. Ja oliko Starckjohannin n\u00e4yteikkunassa joulun alla s\u00e4hk\u00f6junanrata?<br><br>Radiomastot j\u00e4iv\u00e4t toki mieleen. Is\u00e4 oli aikoinaan k\u00e4ynyt Yhteiskoulua ja kertoi kuinka v\u00e4litunnilla kuuntelivat urheiluselostuksia lipputangon vaijerista. Kaupungintalon torni n\u00e4kyi kotona ikkunasta, mutta muistan my\u00f6s ett\u00e4 k\u00e4vimme asioimassa siell\u00e4, Harjukadun puolelta mentiin sis\u00e4\u00e4n. Ja kaupungintalon puistossa sain varmaan ensimm\u00e4isen j\u00e4\u00e4tel\u00f6puikkoni. S\u00f6in varovasti suklaat siit\u00e4 p\u00e4\u00e4lt\u00e4 ja sitten totesin ett\u00e4 tuota saippuaa en sy\u00f6.<\/p>\n\n\n\n<div class=\"wp-block-image\"><figure class=\"aligncenter size-large is-resized\"><img decoding=\"async\" src=\"https:\/\/liipetti.net\/retkia\/wp-content\/uploads\/2024\/08\/IMG_6590_lahden_kauptalo-1024x699.png\" alt=\"\" class=\"wp-image-535\" width=\"-246\" height=\"-168\" srcset=\"https:\/\/liipetti.net\/retkia\/wp-content\/uploads\/2024\/08\/IMG_6590_lahden_kauptalo-1024x699.png 1024w, https:\/\/liipetti.net\/retkia\/wp-content\/uploads\/2024\/08\/IMG_6590_lahden_kauptalo-300x205.png 300w, https:\/\/liipetti.net\/retkia\/wp-content\/uploads\/2024\/08\/IMG_6590_lahden_kauptalo-768x525.png 768w, https:\/\/liipetti.net\/retkia\/wp-content\/uploads\/2024\/08\/IMG_6590_lahden_kauptalo-1536x1049.png 1536w, https:\/\/liipetti.net\/retkia\/wp-content\/uploads\/2024\/08\/IMG_6590_lahden_kauptalo-2048x1399.png 2048w, https:\/\/liipetti.net\/retkia\/wp-content\/uploads\/2024\/08\/IMG_6590_lahden_kauptalo-220x150.png 220w, https:\/\/liipetti.net\/retkia\/wp-content\/uploads\/2024\/08\/IMG_6590_lahden_kauptalo-150x102.png 150w\" sizes=\"(max-width: 1024px) 100vw, 1024px\" \/><\/figure><\/div>\n\n\n\n<hr class=\"wp-block-separator\"\/>\n\n\n\n<p><strong>Kuinka ep\u00e4vakaiden maisemien virta syntyy?<\/strong><\/p>\n\n\n\n<p>K\u00e4yt\u00e4n siis teko\u00e4ly\u00e4, mutta omalla tavallani jo vuodesta 2015 alkaen. En todellakaan kirjoita teko\u00e4lylle ohjeita millaista kuvaa sen pit\u00e4\u00e4 tehd\u00e4. Kehittelen kuvaa muuntavia ja k\u00e4sittelevi\u00e4 prosesseja, joissa osa ty\u00f6vaiheista perustuu teko\u00e4lyyn. \u00c4lykin on tuossa huono sana, jonkinlainen sopivan rajallinen kuvan hahmottamiskyky on se mit\u00e4 teko\u00e4lyst\u00e4 haen. Toteutan sitten prosessin koodaamalla omia ohjelmia suorittamaan noita ty\u00f6vaiheita. Materiaalina k\u00e4yt\u00e4n omia valokuviani, valikoin kulloiseenkin ty\u00f6h\u00f6n sopivat l\u00e4ht\u00f6kuvat ja k\u00e4yn kuvaamassa lis\u00e4\u00e4 tarpeen mukaan. S\u00e4\u00e4d\u00e4n prosessia kunnes olen siihen tyytyv\u00e4inen. Teko\u00e4ly tekee t\u00e4ss\u00e4 yksitt\u00e4isi\u00e4 ty\u00f6vaiheita: naarmuttaa kuvaa, poistaa kuvista naarmuja, valikoi mihin kuvaan siirryt\u00e4\u00e4n seuraavaksi ja mik\u00e4 osa kuvasta nyt muuttuu. <br><br>Jaa mit\u00e4? Videolla n\u00e4yt\u00e4n mit\u00e4 kuville siin\u00e4 tapahtuu. N\u00e4ytt\u00e4\u00e4 helpolta, mutta todellisuudessa olen kehitellyt t\u00e4t\u00e4 jo kolmen vuoden ajan, v\u00e4hitellen.<br><\/p>\n\n\n\n<figure class=\"wp-block-embed is-type-video is-provider-vimeo wp-block-embed-vimeo wp-embed-aspect-16-9 wp-has-aspect-ratio\"><div class=\"wp-block-embed__wrapper\">\n<iframe loading=\"lazy\" title=\"Kuinka ep\u00e4vakaat n\u00e4kym\u00e4t syntyv\u00e4t\" src=\"https:\/\/player.vimeo.com\/video\/1002767067?h=772bced0eb&amp;dnt=1&amp;app_id=122963\" width=\"720\" height=\"405\" frameborder=\"0\" allow=\"autoplay; fullscreen; picture-in-picture; clipboard-write\"><\/iframe>\n<\/div><\/figure>\n\n\n\n<p>T\u00e4m\u00e4 on vain yksi k\u00e4ytt\u00e4mist\u00e4ni tekniikoista. Enemm\u00e4n ty\u00f6skentelyst\u00e4ni kerron uudessa kirjassani <a href=\"https:\/\/kirjakauppa.bod.fi\/alussa-on-kuva-hannu-toeyrylae-9789528072515\">Alussa on kuva<\/a>, jonka kuvituksesta l\u00f6ytyy my\u00f6s monia n\u00e4yttelyss\u00e4 esill\u00e4 olevia teoksia.<\/p>\n","protected":false},"excerpt":{"rendered":"<p>Ep\u00e4vakaita n\u00e4kymi\u00e4 Galleria Uusi Kipin\u00e4, Kenno, 18.9.-6.10.2024 N\u00e4yttelyn teoksista Kuva n\u00e4yt\u00f6ll\u00e4 tuntuu taidegrafiikalta, mutta se el\u00e4\u00e4 ja muuttuu hitaasti. Kaupunkin\u00e4kym\u00e4t, tutut ja vieraat, sekoittuvat oudosti kesken\u00e4\u00e4n, muiden maisemien ja abstraktienkin elementtien kanssa.&nbsp; Muutoksessa on jotakin unenomaista. Katsot maisemaa ja yht\u00e4kki\u00e4 ollaankin jossain toisaalla. Mutta hetkinen, t\u00e4ss\u00e4 on my\u00f6s nuppi josta\u2026<\/p>\n<p class=\"continue-reading-button\"> <a class=\"continue-reading-link\" href=\"https:\/\/liipetti.net\/retkia\/epavakaita-nakymia\/\">Continue reading<i class=\"crycon-right-dir\"><\/i><\/a><\/p>\n","protected":false},"author":1,"featured_media":560,"comment_status":"closed","ping_status":"open","sticky":false,"template":"","format":"standard","meta":{"footnotes":""},"categories":[3],"tags":[],"class_list":["post-462","post","type-post","status-publish","format-standard","has-post-thumbnail","hentry","category-kuvataide"],"_links":{"self":[{"href":"https:\/\/liipetti.net\/retkia\/wp-json\/wp\/v2\/posts\/462","targetHints":{"allow":["GET"]}}],"collection":[{"href":"https:\/\/liipetti.net\/retkia\/wp-json\/wp\/v2\/posts"}],"about":[{"href":"https:\/\/liipetti.net\/retkia\/wp-json\/wp\/v2\/types\/post"}],"author":[{"embeddable":true,"href":"https:\/\/liipetti.net\/retkia\/wp-json\/wp\/v2\/users\/1"}],"replies":[{"embeddable":true,"href":"https:\/\/liipetti.net\/retkia\/wp-json\/wp\/v2\/comments?post=462"}],"version-history":[{"count":44,"href":"https:\/\/liipetti.net\/retkia\/wp-json\/wp\/v2\/posts\/462\/revisions"}],"predecessor-version":[{"id":562,"href":"https:\/\/liipetti.net\/retkia\/wp-json\/wp\/v2\/posts\/462\/revisions\/562"}],"wp:featuredmedia":[{"embeddable":true,"href":"https:\/\/liipetti.net\/retkia\/wp-json\/wp\/v2\/media\/560"}],"wp:attachment":[{"href":"https:\/\/liipetti.net\/retkia\/wp-json\/wp\/v2\/media?parent=462"}],"wp:term":[{"taxonomy":"category","embeddable":true,"href":"https:\/\/liipetti.net\/retkia\/wp-json\/wp\/v2\/categories?post=462"},{"taxonomy":"post_tag","embeddable":true,"href":"https:\/\/liipetti.net\/retkia\/wp-json\/wp\/v2\/tags?post=462"}],"curies":[{"name":"wp","href":"https:\/\/api.w.org\/{rel}","templated":true}]}}